{"id":8069,"date":"2025-09-04T12:33:56","date_gmt":"2025-09-04T12:33:56","guid":{"rendered":"https:\/\/esef.uit.ac.ma\/?p=8069"},"modified":"2025-09-05T23:51:34","modified_gmt":"2025-09-05T23:51:34","slug":"listes-des-candidats-convoques-au-concours-dacces-au-cycle-de-licence-en-education-2024-2025","status":"publish","type":"post","link":"https:\/\/esef.uit.ac.ma\/?p=8069","title":{"rendered":"Liste des candidats pr\u00e9s\u00e9lectionn\u00e9s pour passer les entretiens oraux du concours d\u2019acc\u00e8s au cycle de Licence en \u00c9ducation 2025\/2026"},"content":{"rendered":"<h3 style=\"text-align: right;\"><span style=\"background-color: #ff0000; color: #ffffff;\">\u0639\u0644\u0649 \u0627\u0644\u0645\u062a\u0631\u0634\u062d\u064a\u0646 \u0627\u062d\u062a\u0631\u0627\u0645 \u0627\u0644\u062a\u0648\u0627\u0631\u064a\u062e \u0648\u0627\u0644\u0623\u0648\u0642\u0627\u062a \u0627\u0644\u0645\u062d\u062f\u062f\u0629<\/span><\/h3>\n<h3 style=\"text-align: right;\">:\u0639\u0644\u0649 \u0627\u0644\u0645\u062a\u0631\u0634\u062d \u0623\u0646 \u064a\u0643\u0648\u0646 \u0645\u0635\u062d\u0648\u0628\u0627<\/h3>\n<h3 style=\"text-align: right;\"><span style=\"background-color: #ff0000; color: #ffffff;\">\u0628\u0628\u0637\u0627\u0642\u0629 \u0627\u0644\u062a\u0639\u0631\u064a\u0641 \u0627\u0644\u0648\u0637\u0646\u064a\u0629<\/span><\/h3>\n<h3 style=\"text-align: right;\"><span style=\"background-color: #ff0000; color: #ffffff;\">\u0627\u0633\u062a\u062f\u0639\u0627\u0621 \u0627\u0644\u0645\u0628\u0627\u0631\u0627\u0629<\/span><\/h3>\n<h3 style=\"text-align: right;\"><span style=\"background-color: #ff0000; color: #ffffff;\">\u0646\u0633\u062e\u0629 \u0645\u0646 \u0627\u0633\u062a\u0645\u0627\u0631\u0629 \u0644\u0627\u0626\u062d\u0629 \u0627\u0644\u0627\u062e\u062a\u064a\u0627\u0631\u0627\u062a \u0627\u0644\u062e\u0627\u0635\u0629 \u0628\u0627\u0644\u0645\u062a\u0631\u0634\u062d\u064a\u0646 \u0644\u0644\u0645\u0628\u0627\u0631\u0627\u0629<\/span><\/h3>\n<h3 style=\"text-align: right;\"><span style=\"color: #ffffff;\"><strong><span style=\"background-color: #ff0000;\">\u0628\u0627\u0644\u0646\u0633\u0628\u0629 \u0644\u0644\u0645\u062a\u0631\u0634\u062d\u064a\u0646 \u0644\u0627\u062c\u062a\u064a\u0627\u0632 \u0645\u0628\u0627\u0631\u0627\u0629 \u062a\u062e\u0635\u0635 \u0627\u0644\u062a\u0631\u0628\u064a\u0629 \u0627\u0644\u0628\u062f\u0646\u064a\u0629 \u0627\u0644\u062d\u0636\u0648\u0631 \u0628\u0627\u0644\u0628\u062f\u0644\u0629 \u0627\u0644\u0631\u064a\u0627\u0636\u064a\u0629<\/span><\/strong><\/span><\/h3>\n\n\n<figure class=\"wp-block-table\"><table><tbody><tr><td><strong><mark style=\"background-color:rgba(0, 0, 0, 0)\" class=\"has-inline-color has-black-color\">Espace<\/mark><\/strong><\/td><td><strong><mark style=\"background-color:rgba(0, 0, 0, 0)\" class=\"has-inline-color has-black-color\">Liste des candidats convoqu\u00e9s <\/mark><\/strong><\/td><\/tr><tr><td><mark style=\"background-color:rgba(0, 0, 0, 0)\" class=\"has-inline-color has-black-color\">Enseignement Primaire Bilingue<\/mark><\/td><td><a href=\"https:\/\/esef.uit.ac.ma\/wp-content\/uploads\/2025\/09\/PRIMB.pdf\">T\u00e9l\u00e9charger<\/a><\/td><\/tr><tr><td><mark style=\"background-color:rgba(0, 0, 0, 0)\" class=\"has-inline-color has-black-color\">Enseignement Primaire Amazigh<\/mark><\/td><td><a href=\"https:\/\/esef.uit.ac.ma\/wp-content\/uploads\/2025\/09\/AMAZIGH.pdf\">T\u00e9l\u00e9charger<\/a><\/td><\/tr><tr><td><mark style=\"background-color:rgba(0, 0, 0, 0)\" class=\"has-inline-color has-black-color\">Lettres et Sciences Humaines (Philo &#8211; His\/G\u00e9o &#8211; Eis &#8211; AN &#8211; FR &#8211; AR)<\/mark><\/td><td><a href=\"https:\/\/esef.uit.ac.ma\/wp-content\/uploads\/2025\/09\/LITT.pdf\">T\u00e9l\u00e9charger<\/a><\/td><\/tr><tr><td><mark style=\"background-color:rgba(0, 0, 0, 0)\" class=\"has-inline-color has-black-color\">Scientifiques (Math &#8211; PC &#8211; SVT)<\/mark><\/td><td><a href=\"https:\/\/esef.uit.ac.ma\/wp-content\/uploads\/2025\/09\/SCI-1.pdf\">T\u00e9l\u00e9charger<\/a><\/td><\/tr><tr><td><mark style=\"background-color:rgba(0, 0, 0, 0)\" class=\"has-inline-color has-black-color\">Education Physique et Sportive (EPS)<\/mark><\/td><td><a href=\"https:\/\/esef.uit.ac.ma\/wp-content\/uploads\/2025\/09\/EPS.pdf\">T\u00e9l\u00e9charger<\/a><\/td><\/tr><tr><td><mark style=\"background-color:rgba(0, 0, 0, 0)\" class=\"has-inline-color has-black-color\">Sciences \u00c9conomiques et de Gestion<\/mark><\/td><td><a href=\"https:\/\/esef.uit.ac.ma\/wp-content\/uploads\/2025\/09\/ECO.pdf\">T\u00e9l\u00e9charger<\/a><\/td><\/tr><\/tbody><\/table><\/figure>\n\n\n\n<p><\/p>\n\n\n\n<p><\/p>\n","protected":false},"excerpt":{"rendered":"<p>\u0639\u0644\u0649 \u0627\u0644\u0645\u062a\u0631\u0634\u062d\u064a\u0646 \u0627\u062d\u062a\u0631\u0627\u0645 \u0627\u0644\u062a\u0648\u0627\u0631\u064a\u062e \u0648\u0627\u0644\u0623\u0648\u0642\u0627\u062a \u0627\u0644\u0645\u062d\u062f\u062f\u0629 :\u0639\u0644\u0649 \u0627\u0644\u0645\u062a\u0631\u0634\u062d \u0623\u0646 \u064a\u0643\u0648\u0646 \u0645\u0635\u062d\u0648\u0628\u0627 \u0628\u0628\u0637\u0627\u0642\u0629 \u0627\u0644\u062a\u0639\u0631\u064a\u0641 \u0627\u0644\u0648\u0637\u0646\u064a\u0629 \u0627\u0633\u062a\u062f\u0639\u0627\u0621 \u0627\u0644\u0645\u0628\u0627\u0631\u0627\u0629 \u0646\u0633\u062e\u0629 \u0645\u0646 \u0627\u0633\u062a\u0645\u0627\u0631\u0629 \u0644\u0627\u0626\u062d\u0629 \u0627\u0644\u0627\u062e\u062a\u064a\u0627\u0631\u0627\u062a \u0627\u0644\u062e\u0627\u0635\u0629 \u0628\u0627\u0644\u0645\u062a\u0631\u0634\u062d\u064a\u0646 \u0644\u0644\u0645\u0628\u0627\u0631\u0627\u0629 \u0628\u0627\u0644\u0646\u0633\u0628\u0629 \u0644\u0644\u0645\u062a\u0631\u0634\u062d\u064a\u0646 \u0644\u0627\u062c\u062a\u064a\u0627\u0632 \u0645\u0628\u0627\u0631\u0627\u0629 \u062a\u062e\u0635\u0635 \u0627\u0644\u062a\u0631\u0628\u064a\u0629 \u0627\u0644\u0628\u062f\u0646\u064a\u0629 \u0627\u0644\u062d\u0636\u0648\u0631 \u0628\u0627\u0644\u0628\u062f\u0644\u0629 \u0627\u0644\u0631\u064a\u0627\u0636\u064a\u0629 Espace Liste des candidats convoqu\u00e9s Enseignement Primaire Bilingue T\u00e9l\u00e9charger Enseignement Primaire Amazigh T\u00e9l\u00e9charger Lettres et Sciences Humaines (Philo &#8211; His\/G\u00e9o &#8211;&#8230;<\/p>\n","protected":false},"author":3,"featured_media":9220,"comment_status":"closed","ping_status":"open","sticky":false,"template":"","format":"standard","meta":{"footnotes":""},"categories":[1],"tags":[],"class_list":["post-8069","post","type-post","status-publish","format-standard","has-post-thumbnail","hentry","category-uncategorized"],"_links":{"self":[{"href":"https:\/\/esef.uit.ac.ma\/index.php?rest_route=\/wp\/v2\/posts\/8069","targetHints":{"allow":["GET"]}}],"collection":[{"href":"https:\/\/esef.uit.ac.ma\/index.php?rest_route=\/wp\/v2\/posts"}],"about":[{"href":"https:\/\/esef.uit.ac.ma\/index.php?rest_route=\/wp\/v2\/types\/post"}],"author":[{"embeddable":true,"href":"https:\/\/esef.uit.ac.ma\/index.php?rest_route=\/wp\/v2\/users\/3"}],"replies":[{"embeddable":true,"href":"https:\/\/esef.uit.ac.ma\/index.php?rest_route=%2Fwp%2Fv2%2Fcomments&post=8069"}],"version-history":[{"count":18,"href":"https:\/\/esef.uit.ac.ma\/index.php?rest_route=\/wp\/v2\/posts\/8069\/revisions"}],"predecessor-version":[{"id":9310,"href":"https:\/\/esef.uit.ac.ma\/index.php?rest_route=\/wp\/v2\/posts\/8069\/revisions\/9310"}],"wp:featuredmedia":[{"embeddable":true,"href":"https:\/\/esef.uit.ac.ma\/index.php?rest_route=\/wp\/v2\/media\/9220"}],"wp:attachment":[{"href":"https:\/\/esef.uit.ac.ma\/index.php?rest_route=%2Fwp%2Fv2%2Fmedia&parent=8069"}],"wp:term":[{"taxonomy":"category","embeddable":true,"href":"https:\/\/esef.uit.ac.ma\/index.php?rest_route=%2Fwp%2Fv2%2Fcategories&post=8069"},{"taxonomy":"post_tag","embeddable":true,"href":"https:\/\/esef.uit.ac.ma\/index.php?rest_route=%2Fwp%2Fv2%2Ftags&post=8069"}],"curies":[{"name":"wp","href":"https:\/\/api.w.org\/{rel}","templated":true}]}}